{"id":20664,"date":"2023-09-28T16:56:08","date_gmt":"2023-09-28T14:56:08","guid":{"rendered":"https:\/\/www.siradel.com\/?p=20664"},"modified":"2024-09-02T10:16:58","modified_gmt":"2024-09-02T10:16:58","slug":"vers-des-villes-rafraichies-ou-il-fait-bon-vivre-grace-au-jumeau-numerique","status":"publish","type":"post","link":"https:\/\/www.siradel.com\/fr\/vers-des-villes-rafraichies-ou-il-fait-bon-vivre-grace-au-jumeau-numerique\/","title":{"rendered":"Vers des villes rafra\u00eechies, o\u00f9 il fait bon vivre gr\u00e2ce au Jumeau Num\u00e9rique"},"content":{"rendered":"\n<div style=\"height:13px\" aria-hidden=\"true\" class=\"wp-block-spacer\"><\/div>\n\n\n\n<p>L\u2019\u00e9t\u00e9 2023 a de nouveau confirm\u00e9 la tendance des derni\u00e8res ann\u00e9es avec le constat de nouvelles hausses de temp\u00e9rature, \u00e0 des niveaux toujours plus \u00e9lev\u00e9s et sur des p\u00e9riodes de canicules toujours plus fr\u00e9quentes.<\/p>\n\n\n\n<p>Face \u00e0 ces \u00e9t\u00e9s de plus en plus chauds en Europe comme partout dans le Monde, il est urgent de r\u00e9agir et d\u2019en limiter les impacts sur les populations et l\u2019environnement. Cette \u00e9volution climatique se manifeste particuli\u00e8rement dans <strong>l\u2019\u00e9cosyst\u00e8me sp\u00e9cifique des villes avec les \u00ab&nbsp;\u00eelots de chaleur urbains&nbsp;\u00bb.<\/strong><\/p>\n\n\n\n<p>Un ph\u00e9nom\u00e8ne accentu\u00e9 par de multiples facteurs tels que la structure des villes avec l\u2019\u00e9tendue et la typologie des espaces min\u00e9raux ou v\u00e9g\u00e9taux, les modes d\u2019occupation, les activit\u00e9s et les flux, les mat\u00e9riaux de construction utilis\u00e9s, ainsi que les modes de consommation d\u2019\u00e9nergie (chauffage, climatisation).<\/p>\n\n\n\n<p>Ces \u00e9l\u00e9ments, analys\u00e9s ensemble ou s\u00e9par\u00e9ment,&nbsp; influencent le niveau de vuln\u00e9rabilit\u00e9 et <strong>la capacit\u00e9 d\u2019adaptation des villes <\/strong>face aux cons\u00e9quences de ce ph\u00e9nom\u00e8ne.<\/p>\n\n\n\n<div style=\"height:13px\" aria-hidden=\"true\" class=\"wp-block-spacer\"><\/div>\n\n\n\n<h6 class=\"wp-block-heading\" id=\"h-les-ilots-de-chaleur-urbains-un-enjeu-majeur-pour-nos-villes\"><strong>Les \u00eelots de chaleur urbains, un enjeu majeur pour nos villes<\/strong><\/h6>\n\n\n\n<div style=\"height:13px\" aria-hidden=\"true\" class=\"wp-block-spacer\"><\/div>\n\n\n\n<p>Les \u00e9tudes r\u00e9alis\u00e9es pour mieux comprendre ce ph\u00e9nom\u00e8ne d\u00e9montrent la r\u00e9alit\u00e9 de ses impacts sur le <strong>fonctionnement g\u00e9n\u00e9ral de la ville, &nbsp;<\/strong>ainsi que sur le<strong> bien-\u00eatre et la sant\u00e9 des populations, notamment \u00e0 risques.<\/strong><\/p>\n\n\n\n<p>A ce titre, le Jumeau Num\u00e9rique constitue un outil majeur <strong>d\u2019aide \u00e0 l\u2019analyse, \u00e0 la pr\u00e9vention et \u00e0 la d\u00e9cision pour r\u00e9duire les cons\u00e9quences de la chaleur en ville.<\/strong><\/p>\n\n\n\n<p>Il &nbsp;permet notamment de croiser des donn\u00e9es multicrit\u00e8res, telles que les zones les plus chaudes avec des donn\u00e9es socio-d\u00e9mographiques afin d\u2019identifier les populations les plus \u00e0 risques et de prioriser les actions pour mieux les prot\u00e9ger.<\/p>\n\n\n\n<figure class=\"wp-block-image aligncenter size-full is-resized\"><img loading=\"lazy\" decoding=\"async\" width=\"1024\" height=\"435\" src=\"https:\/\/www.siradel.com\/wp-content\/uploads\/2024\/09\/Population-Vulnerability-and-UHI-1-1024x435-1.webp\" alt=\"Indice de vuln\u00e9rabilit\u00e9 - ICU\" class=\"wp-image-28304\" style=\"width:650px;height:auto\" srcset=\"https:\/\/www.siradel.com\/wp-content\/uploads\/2024\/09\/Population-Vulnerability-and-UHI-1-1024x435-1.webp 1024w, https:\/\/www.siradel.com\/wp-content\/uploads\/2024\/09\/Population-Vulnerability-and-UHI-1-1024x435-1-300x127.webp 300w, https:\/\/www.siradel.com\/wp-content\/uploads\/2024\/09\/Population-Vulnerability-and-UHI-1-1024x435-1-768x326.webp 768w\" sizes=\"auto, (max-width: 1024px) 100vw, 1024px\" \/><figcaption class=\"wp-element-caption\">Indice de vuln\u00e9rabilit\u00e9 &#8211; croisement des donn\u00e9es li\u00e9s aux \u00eelots de chaleur urbains et aux populations \u00e0 risque. By SIRADEL<\/figcaption><\/figure>\n\n\n\n<div style=\"height:13px\" aria-hidden=\"true\" class=\"wp-block-spacer\"><\/div>\n\n\n\n<h6 class=\"wp-block-heading\" id=\"h-un-phenomene-pouvant-etre-contre-par-le-verdissement-de-nos-villes\"><strong>Un ph\u00e9nom\u00e8ne pouvant \u00eatre contr\u00e9 par le verdissement de nos villes<\/strong><\/h6>\n\n\n\n<div style=\"height:13px\" aria-hidden=\"true\" class=\"wp-block-spacer\"><\/div>\n\n\n\n<p>La transformation de rues en zones pi\u00e9tonnes, l\u2019impl\u00e9mentation de nouvelles rang\u00e9es d\u2019arbres\u2026 sont autant d\u2019actions pouvant \u00eatre mises en place et ayant d\u00e9j\u00e0 montr\u00e9 leur efficacit\u00e9 <strong>pour r\u00e9duire les temp\u00e9ratures<\/strong>.<\/p>\n\n\n\n<p>En effet, la r\u00e9duction des \u00e9missions de gaz \u00e0 effet de serre engendr\u00e9es par la circulation des voitures ou le d\u00e9veloppement de zones ombrag\u00e9es \u00e0 travers l\u2019ajout d\u2019arbres permet de combattre la chaleur en ville tout en influant positivement sur la qualit\u00e9 de l\u2019air et le bien-\u00eatre des citoyens.<\/p>\n\n\n\n<p>Des actions concr\u00e8tes dont l\u2019impact sur la baisse des temp\u00e9ratures peut \u00eatre <strong>mesur\u00e9 et anticip\u00e9 gr\u00e2ce au jumeau num\u00e9rique<\/strong> du territoire.<\/p>\n\n\n\n<figure class=\"wp-block-image aligncenter size-full is-resized\"><img loading=\"lazy\" decoding=\"async\" width=\"1024\" height=\"640\" src=\"https:\/\/www.siradel.com\/wp-content\/uploads\/2024\/09\/Picture3-1024x640-1.webp\" alt=\"Potentiel de nature en ville - simulation\" class=\"wp-image-28307\" style=\"width:650px\" srcset=\"https:\/\/www.siradel.com\/wp-content\/uploads\/2024\/09\/Picture3-1024x640-1.webp 1024w, https:\/\/www.siradel.com\/wp-content\/uploads\/2024\/09\/Picture3-1024x640-1-300x188.webp 300w, https:\/\/www.siradel.com\/wp-content\/uploads\/2024\/09\/Picture3-1024x640-1-768x480.webp 768w\" sizes=\"auto, (max-width: 1024px) 100vw, 1024px\" \/><figcaption class=\"wp-element-caption\">Potentiel de nature en ville &#8211; Simulation avant\/apr\u00e8s de l&rsquo;impact d&rsquo;un projet de rev\u00e9g\u00e9tation sur la temp\u00e9rature<\/figcaption><\/figure>\n\n\n\n<div style=\"height:13px\" aria-hidden=\"true\" class=\"wp-block-spacer\"><\/div>\n\n\n\n<h6 class=\"wp-block-heading\" id=\"h-le-jumeau-numerique-pour-mieux-mesurer-et-lutter-contre-les-ilots-de-chaleur\"><strong>Le Jumeau Num\u00e9rique pour mieux mesurer et lutter contre les \u00eelots de chaleur<\/strong><\/h6>\n\n\n\n<div style=\"height:13px\" aria-hidden=\"true\" class=\"wp-block-spacer\"><\/div>\n\n\n\n<p>Le Jumeau Num\u00e9rique, v\u00e9ritable r\u00e9plique virtuelle d\u2019un territoire, permet de <strong>simuler divers sc\u00e9narii de transformation<\/strong> afin d\u2019identifier le plus adapt\u00e9 en fonction des objectifs d\u00e9finis, de <strong>calculer des indicateurs personnalis\u00e9s<\/strong> pour une meilleure compr\u00e9hension de son territoire et de son \u00e9volution, ou encore <strong>d\u2019impliquer et de sensibiliser<\/strong> les diff\u00e9rentes parties prenantes, notamment les citoyens.<\/p>\n\n\n\n<p>Le <strong>Jumeau Num\u00e9rique constitue ainsi un outil privil\u00e9gi\u00e9 d\u2019aide \u00e0 la d\u00e9cision et \u00e0 la planification<\/strong> offrant une vision claire des enjeux auxquels sont confront\u00e9es nos villes et des <strong>r\u00e9ponses op\u00e9rationnelles envisageables<\/strong>.<\/p>\n\n\n\n<p>Accompagnant les villes et les territoires depuis de nombreuses ann\u00e9es dans leur transition \u00e0 la fois climatique, \u00e9nerg\u00e9tique et environnementale, <strong>SIRADEL a<\/strong> <strong>d\u00e9velopp\u00e9 une approche innovante pour contribuer \u00e0 lutter contre les \u00eelots de chaleur urbain<\/strong>. Cette approche est bas\u00e9e sur l\u2019exploitation du Jumeau Num\u00e9rique du territoire et repose sur 3 piliers&nbsp;:<\/p>\n\n\n\n<ul class=\"wp-block-list\">\n<li><strong>Diagnostiquer et anticiper<\/strong> pour identifier les zones \u00e0 risque<\/li>\n\n\n\n<li><strong>Planifier et prioriser<\/strong>&nbsp;pour mettre en place des plans d\u2019actions objectiv\u00e9s et efficaces<\/li>\n\n\n\n<li><strong>Piloter et communiquer <\/strong>pour mesurer les avancements des actions et les communiquer<\/li>\n<\/ul>\n\n\n\n<p>Pour en savoir plus sur nos solutions pour la construction de villes plus vertes et rafra\u00eechies, n&rsquo;h\u00e9sitez pas \u00e0 nous contacter et \u00e0 cliquer sur le lien ci-dessous&nbsp;:<\/p>\n\n\n\n<div class=\"wp-block-buttons is-layout-flex wp-block-buttons-is-layout-flex\">\n<div class=\"wp-block-button has-custom-font-size is-style-fill has-small-font-size\"><a class=\"wp-block-button__link has-background wp-element-button\" href=\"\/ilots-de-chaleur-urbains\/\" style=\"background-color:#162a51\">En savoir plus<\/a><\/div>\n<\/div>\n","protected":false},"excerpt":{"rendered":"L\u2019\u00e9t\u00e9 2023 a de nouveau confirm\u00e9 la tendance des derni\u00e8res ann\u00e9es avec le constat de nouvelles hausses de temp\u00e9rature, \u00e0 des niveaux toujours plus \u00e9lev\u00e9s et sur des p\u00e9riodes de canicules toujours plus fr\u00e9quentes. Face \u00e0 ces \u00e9t\u00e9s de plus&#8230;","protected":false},"author":2,"featured_media":23047,"comment_status":"closed","ping_status":"closed","sticky":false,"template":"","format":"standard","meta":{"footnotes":""},"categories":[87],"tags":[],"class_list":["post-20664","post","type-post","status-publish","format-standard","has-post-thumbnail","hentry","category-smart-city"],"yoast_head":"<!-- This site is optimized with the Yoast SEO plugin v27.3 - https:\/\/yoast.com\/product\/yoast-seo-wordpress\/ -->\n<title>Vers des villes rafra\u00eechies, o\u00f9 il fait bon vivre gr\u00e2ce au Jumeau Num\u00e9rique | Siradel<\/title>\n<meta name=\"description\" content=\"Le Jumeau Num\u00e9rique du territoire au service de la construction de villes vertes, rafra\u00eechies, o\u00f9 il fait bon vivre\" \/>\n<meta name=\"robots\" content=\"index, follow, max-snippet:-1, max-image-preview:large, max-video-preview:-1\" \/>\n<link rel=\"canonical\" href=\"https:\/\/www.siradel.com\/fr\/vers-des-villes-rafraichies-ou-il-fait-bon-vivre-grace-au-jumeau-numerique\/\" \/>\n<meta property=\"og:locale\" content=\"fr_FR\" \/>\n<meta property=\"og:type\" content=\"article\" \/>\n<meta property=\"og:title\" content=\"Vers des villes rafra\u00eechies, o\u00f9 il fait bon vivre gr\u00e2ce au Jumeau Num\u00e9rique | Siradel\" \/>\n<meta property=\"og:description\" content=\"Le Jumeau Num\u00e9rique du territoire au service de la construction de villes vertes, rafra\u00eechies, o\u00f9 il fait bon vivre\" \/>\n<meta property=\"og:url\" content=\"https:\/\/www.siradel.com\/fr\/vers-des-villes-rafraichies-ou-il-fait-bon-vivre-grace-au-jumeau-numerique\/\" \/>\n<meta property=\"og:site_name\" content=\"Siradel\" \/>\n<meta property=\"article:published_time\" content=\"2023-09-28T14:56:08+00:00\" \/>\n<meta property=\"article:modified_time\" content=\"2024-09-02T10:16:58+00:00\" \/>\n<meta property=\"og:image\" content=\"https:\/\/www.siradel.com\/wp-content\/uploads\/2023\/09\/green-city-1536x1024-1.webp\" \/>\n\t<meta property=\"og:image:width\" content=\"1200\" \/>\n\t<meta property=\"og:image:height\" content=\"800\" \/>\n\t<meta property=\"og:image:type\" content=\"image\/webp\" \/>\n<meta name=\"author\" content=\"Laura Delanoe\" \/>\n<meta name=\"twitter:card\" content=\"summary_large_image\" \/>\n<meta name=\"twitter:creator\" content=\"@siradel3d\" \/>\n<meta name=\"twitter:site\" content=\"@siradel3d\" \/>\n<script type=\"application\/ld+json\" class=\"yoast-schema-graph\">{\"@context\":\"https:\\\/\\\/schema.org\",\"@graph\":[{\"@type\":\"Article\",\"@id\":\"https:\\\/\\\/www.siradel.com\\\/fr\\\/vers-des-villes-rafraichies-ou-il-fait-bon-vivre-grace-au-jumeau-numerique\\\/#article\",\"isPartOf\":{\"@id\":\"https:\\\/\\\/www.siradel.com\\\/fr\\\/vers-des-villes-rafraichies-ou-il-fait-bon-vivre-grace-au-jumeau-numerique\\\/\"},\"author\":{\"name\":\"Laura Delanoe\",\"@id\":\"https:\\\/\\\/www.siradel.com\\\/fr\\\/#\\\/schema\\\/person\\\/9b1b1613ca91ac4f07261c3b03436bd4\"},\"headline\":\"Vers des villes rafra\u00eechies, o\u00f9 il fait bon vivre gr\u00e2ce au Jumeau Num\u00e9rique\",\"datePublished\":\"2023-09-28T14:56:08+00:00\",\"dateModified\":\"2024-09-02T10:16:58+00:00\",\"mainEntityOfPage\":{\"@id\":\"https:\\\/\\\/www.siradel.com\\\/fr\\\/vers-des-villes-rafraichies-ou-il-fait-bon-vivre-grace-au-jumeau-numerique\\\/\"},\"wordCount\":750,\"publisher\":{\"@id\":\"https:\\\/\\\/www.siradel.com\\\/fr\\\/#organization\"},\"image\":{\"@id\":\"https:\\\/\\\/www.siradel.com\\\/fr\\\/vers-des-villes-rafraichies-ou-il-fait-bon-vivre-grace-au-jumeau-numerique\\\/#primaryimage\"},\"thumbnailUrl\":\"https:\\\/\\\/www.siradel.com\\\/wp-content\\\/uploads\\\/2023\\\/09\\\/green-city-1536x1024-1.webp\",\"articleSection\":[\"Smart City\"],\"inLanguage\":\"fr-FR\"},{\"@type\":\"WebPage\",\"@id\":\"https:\\\/\\\/www.siradel.com\\\/fr\\\/vers-des-villes-rafraichies-ou-il-fait-bon-vivre-grace-au-jumeau-numerique\\\/\",\"url\":\"https:\\\/\\\/www.siradel.com\\\/fr\\\/vers-des-villes-rafraichies-ou-il-fait-bon-vivre-grace-au-jumeau-numerique\\\/\",\"name\":\"Vers des villes rafra\u00eechies, o\u00f9 il fait bon vivre gr\u00e2ce au Jumeau Num\u00e9rique | Siradel\",\"isPartOf\":{\"@id\":\"https:\\\/\\\/www.siradel.com\\\/fr\\\/#website\"},\"primaryImageOfPage\":{\"@id\":\"https:\\\/\\\/www.siradel.com\\\/fr\\\/vers-des-villes-rafraichies-ou-il-fait-bon-vivre-grace-au-jumeau-numerique\\\/#primaryimage\"},\"image\":{\"@id\":\"https:\\\/\\\/www.siradel.com\\\/fr\\\/vers-des-villes-rafraichies-ou-il-fait-bon-vivre-grace-au-jumeau-numerique\\\/#primaryimage\"},\"thumbnailUrl\":\"https:\\\/\\\/www.siradel.com\\\/wp-content\\\/uploads\\\/2023\\\/09\\\/green-city-1536x1024-1.webp\",\"datePublished\":\"2023-09-28T14:56:08+00:00\",\"dateModified\":\"2024-09-02T10:16:58+00:00\",\"description\":\"Le Jumeau Num\u00e9rique du territoire au service de la construction de villes vertes, rafra\u00eechies, o\u00f9 il fait bon vivre\",\"breadcrumb\":{\"@id\":\"https:\\\/\\\/www.siradel.com\\\/fr\\\/vers-des-villes-rafraichies-ou-il-fait-bon-vivre-grace-au-jumeau-numerique\\\/#breadcrumb\"},\"inLanguage\":\"fr-FR\",\"potentialAction\":[{\"@type\":\"ReadAction\",\"target\":[\"https:\\\/\\\/www.siradel.com\\\/fr\\\/vers-des-villes-rafraichies-ou-il-fait-bon-vivre-grace-au-jumeau-numerique\\\/\"]}]},{\"@type\":\"ImageObject\",\"inLanguage\":\"fr-FR\",\"@id\":\"https:\\\/\\\/www.siradel.com\\\/fr\\\/vers-des-villes-rafraichies-ou-il-fait-bon-vivre-grace-au-jumeau-numerique\\\/#primaryimage\",\"url\":\"https:\\\/\\\/www.siradel.com\\\/wp-content\\\/uploads\\\/2023\\\/09\\\/green-city-1536x1024-1.webp\",\"contentUrl\":\"https:\\\/\\\/www.siradel.com\\\/wp-content\\\/uploads\\\/2023\\\/09\\\/green-city-1536x1024-1.webp\",\"width\":1200,\"height\":800,\"caption\":\"green-city\"},{\"@type\":\"BreadcrumbList\",\"@id\":\"https:\\\/\\\/www.siradel.com\\\/fr\\\/vers-des-villes-rafraichies-ou-il-fait-bon-vivre-grace-au-jumeau-numerique\\\/#breadcrumb\",\"itemListElement\":[{\"@type\":\"ListItem\",\"position\":1,\"name\":\"Home\",\"item\":\"https:\\\/\\\/www.siradel.com\\\/fr\\\/\"},{\"@type\":\"ListItem\",\"position\":2,\"name\":\"Vers des villes rafra\u00eechies, o\u00f9 il fait bon vivre gr\u00e2ce au Jumeau Num\u00e9rique\"}]},{\"@type\":\"WebSite\",\"@id\":\"https:\\\/\\\/www.siradel.com\\\/fr\\\/#website\",\"url\":\"https:\\\/\\\/www.siradel.com\\\/fr\\\/\",\"name\":\"Siradel\",\"description\":\"Visualize today, Simulate tomorrow\",\"publisher\":{\"@id\":\"https:\\\/\\\/www.siradel.com\\\/fr\\\/#organization\"},\"potentialAction\":[{\"@type\":\"SearchAction\",\"target\":{\"@type\":\"EntryPoint\",\"urlTemplate\":\"https:\\\/\\\/www.siradel.com\\\/fr\\\/?s={search_term_string}\"},\"query-input\":{\"@type\":\"PropertyValueSpecification\",\"valueRequired\":true,\"valueName\":\"search_term_string\"}}],\"inLanguage\":\"fr-FR\"},{\"@type\":\"Organization\",\"@id\":\"https:\\\/\\\/www.siradel.com\\\/fr\\\/#organization\",\"name\":\"Siradel\",\"url\":\"https:\\\/\\\/www.siradel.com\\\/fr\\\/\",\"logo\":{\"@type\":\"ImageObject\",\"inLanguage\":\"fr-FR\",\"@id\":\"https:\\\/\\\/www.siradel.com\\\/fr\\\/#\\\/schema\\\/logo\\\/image\\\/\",\"url\":\"https:\\\/\\\/www.siradel.com\\\/wp-content\\\/uploads\\\/2023\\\/08\\\/Siradel_Logo_coul_transparent.svg\",\"contentUrl\":\"https:\\\/\\\/www.siradel.com\\\/wp-content\\\/uploads\\\/2023\\\/08\\\/Siradel_Logo_coul_transparent.svg\",\"width\":1,\"height\":1,\"caption\":\"Siradel\"},\"image\":{\"@id\":\"https:\\\/\\\/www.siradel.com\\\/fr\\\/#\\\/schema\\\/logo\\\/image\\\/\"},\"sameAs\":[\"https:\\\/\\\/x.com\\\/siradel3d\",\"https:\\\/\\\/www.linkedin.com\\\/company\\\/siradel\",\"https:\\\/\\\/www.youtube.com\\\/channel\\\/UCGS7zkRBLXgtqsR_hOY6CUQ\"]},{\"@type\":\"Person\",\"@id\":\"https:\\\/\\\/www.siradel.com\\\/fr\\\/#\\\/schema\\\/person\\\/9b1b1613ca91ac4f07261c3b03436bd4\",\"name\":\"Laura Delanoe\"}]}<\/script>\n<!-- \/ Yoast SEO plugin. -->","yoast_head_json":{"title":"Vers des villes rafra\u00eechies, o\u00f9 il fait bon vivre gr\u00e2ce au Jumeau Num\u00e9rique | Siradel","description":"Le Jumeau Num\u00e9rique du territoire au service de la construction de villes vertes, rafra\u00eechies, o\u00f9 il fait bon vivre","robots":{"index":"index","follow":"follow","max-snippet":"max-snippet:-1","max-image-preview":"max-image-preview:large","max-video-preview":"max-video-preview:-1"},"canonical":"https:\/\/www.siradel.com\/fr\/vers-des-villes-rafraichies-ou-il-fait-bon-vivre-grace-au-jumeau-numerique\/","og_locale":"fr_FR","og_type":"article","og_title":"Vers des villes rafra\u00eechies, o\u00f9 il fait bon vivre gr\u00e2ce au Jumeau Num\u00e9rique | Siradel","og_description":"Le Jumeau Num\u00e9rique du territoire au service de la construction de villes vertes, rafra\u00eechies, o\u00f9 il fait bon vivre","og_url":"https:\/\/www.siradel.com\/fr\/vers-des-villes-rafraichies-ou-il-fait-bon-vivre-grace-au-jumeau-numerique\/","og_site_name":"Siradel","article_published_time":"2023-09-28T14:56:08+00:00","article_modified_time":"2024-09-02T10:16:58+00:00","og_image":[{"width":1200,"height":800,"url":"https:\/\/www.siradel.com\/wp-content\/uploads\/2023\/09\/green-city-1536x1024-1.webp","type":"image\/webp"}],"author":"Laura Delanoe","twitter_card":"summary_large_image","twitter_creator":"@siradel3d","twitter_site":"@siradel3d","schema":{"@context":"https:\/\/schema.org","@graph":[{"@type":"Article","@id":"https:\/\/www.siradel.com\/fr\/vers-des-villes-rafraichies-ou-il-fait-bon-vivre-grace-au-jumeau-numerique\/#article","isPartOf":{"@id":"https:\/\/www.siradel.com\/fr\/vers-des-villes-rafraichies-ou-il-fait-bon-vivre-grace-au-jumeau-numerique\/"},"author":{"name":"Laura Delanoe","@id":"https:\/\/www.siradel.com\/fr\/#\/schema\/person\/9b1b1613ca91ac4f07261c3b03436bd4"},"headline":"Vers des villes rafra\u00eechies, o\u00f9 il fait bon vivre gr\u00e2ce au Jumeau Num\u00e9rique","datePublished":"2023-09-28T14:56:08+00:00","dateModified":"2024-09-02T10:16:58+00:00","mainEntityOfPage":{"@id":"https:\/\/www.siradel.com\/fr\/vers-des-villes-rafraichies-ou-il-fait-bon-vivre-grace-au-jumeau-numerique\/"},"wordCount":750,"publisher":{"@id":"https:\/\/www.siradel.com\/fr\/#organization"},"image":{"@id":"https:\/\/www.siradel.com\/fr\/vers-des-villes-rafraichies-ou-il-fait-bon-vivre-grace-au-jumeau-numerique\/#primaryimage"},"thumbnailUrl":"https:\/\/www.siradel.com\/wp-content\/uploads\/2023\/09\/green-city-1536x1024-1.webp","articleSection":["Smart City"],"inLanguage":"fr-FR"},{"@type":"WebPage","@id":"https:\/\/www.siradel.com\/fr\/vers-des-villes-rafraichies-ou-il-fait-bon-vivre-grace-au-jumeau-numerique\/","url":"https:\/\/www.siradel.com\/fr\/vers-des-villes-rafraichies-ou-il-fait-bon-vivre-grace-au-jumeau-numerique\/","name":"Vers des villes rafra\u00eechies, o\u00f9 il fait bon vivre gr\u00e2ce au Jumeau Num\u00e9rique | Siradel","isPartOf":{"@id":"https:\/\/www.siradel.com\/fr\/#website"},"primaryImageOfPage":{"@id":"https:\/\/www.siradel.com\/fr\/vers-des-villes-rafraichies-ou-il-fait-bon-vivre-grace-au-jumeau-numerique\/#primaryimage"},"image":{"@id":"https:\/\/www.siradel.com\/fr\/vers-des-villes-rafraichies-ou-il-fait-bon-vivre-grace-au-jumeau-numerique\/#primaryimage"},"thumbnailUrl":"https:\/\/www.siradel.com\/wp-content\/uploads\/2023\/09\/green-city-1536x1024-1.webp","datePublished":"2023-09-28T14:56:08+00:00","dateModified":"2024-09-02T10:16:58+00:00","description":"Le Jumeau Num\u00e9rique du territoire au service de la construction de villes vertes, rafra\u00eechies, o\u00f9 il fait bon vivre","breadcrumb":{"@id":"https:\/\/www.siradel.com\/fr\/vers-des-villes-rafraichies-ou-il-fait-bon-vivre-grace-au-jumeau-numerique\/#breadcrumb"},"inLanguage":"fr-FR","potentialAction":[{"@type":"ReadAction","target":["https:\/\/www.siradel.com\/fr\/vers-des-villes-rafraichies-ou-il-fait-bon-vivre-grace-au-jumeau-numerique\/"]}]},{"@type":"ImageObject","inLanguage":"fr-FR","@id":"https:\/\/www.siradel.com\/fr\/vers-des-villes-rafraichies-ou-il-fait-bon-vivre-grace-au-jumeau-numerique\/#primaryimage","url":"https:\/\/www.siradel.com\/wp-content\/uploads\/2023\/09\/green-city-1536x1024-1.webp","contentUrl":"https:\/\/www.siradel.com\/wp-content\/uploads\/2023\/09\/green-city-1536x1024-1.webp","width":1200,"height":800,"caption":"green-city"},{"@type":"BreadcrumbList","@id":"https:\/\/www.siradel.com\/fr\/vers-des-villes-rafraichies-ou-il-fait-bon-vivre-grace-au-jumeau-numerique\/#breadcrumb","itemListElement":[{"@type":"ListItem","position":1,"name":"Home","item":"https:\/\/www.siradel.com\/fr\/"},{"@type":"ListItem","position":2,"name":"Vers des villes rafra\u00eechies, o\u00f9 il fait bon vivre gr\u00e2ce au Jumeau Num\u00e9rique"}]},{"@type":"WebSite","@id":"https:\/\/www.siradel.com\/fr\/#website","url":"https:\/\/www.siradel.com\/fr\/","name":"Siradel","description":"Visualize today, Simulate tomorrow","publisher":{"@id":"https:\/\/www.siradel.com\/fr\/#organization"},"potentialAction":[{"@type":"SearchAction","target":{"@type":"EntryPoint","urlTemplate":"https:\/\/www.siradel.com\/fr\/?s={search_term_string}"},"query-input":{"@type":"PropertyValueSpecification","valueRequired":true,"valueName":"search_term_string"}}],"inLanguage":"fr-FR"},{"@type":"Organization","@id":"https:\/\/www.siradel.com\/fr\/#organization","name":"Siradel","url":"https:\/\/www.siradel.com\/fr\/","logo":{"@type":"ImageObject","inLanguage":"fr-FR","@id":"https:\/\/www.siradel.com\/fr\/#\/schema\/logo\/image\/","url":"https:\/\/www.siradel.com\/wp-content\/uploads\/2023\/08\/Siradel_Logo_coul_transparent.svg","contentUrl":"https:\/\/www.siradel.com\/wp-content\/uploads\/2023\/08\/Siradel_Logo_coul_transparent.svg","width":1,"height":1,"caption":"Siradel"},"image":{"@id":"https:\/\/www.siradel.com\/fr\/#\/schema\/logo\/image\/"},"sameAs":["https:\/\/x.com\/siradel3d","https:\/\/www.linkedin.com\/company\/siradel","https:\/\/www.youtube.com\/channel\/UCGS7zkRBLXgtqsR_hOY6CUQ"]},{"@type":"Person","@id":"https:\/\/www.siradel.com\/fr\/#\/schema\/person\/9b1b1613ca91ac4f07261c3b03436bd4","name":"Laura Delanoe"}]}},"_links":{"self":[{"href":"https:\/\/www.siradel.com\/fr\/wp-json\/wp\/v2\/posts\/20664","targetHints":{"allow":["GET"]}}],"collection":[{"href":"https:\/\/www.siradel.com\/fr\/wp-json\/wp\/v2\/posts"}],"about":[{"href":"https:\/\/www.siradel.com\/fr\/wp-json\/wp\/v2\/types\/post"}],"author":[{"embeddable":true,"href":"https:\/\/www.siradel.com\/fr\/wp-json\/wp\/v2\/users\/2"}],"replies":[{"embeddable":true,"href":"https:\/\/www.siradel.com\/fr\/wp-json\/wp\/v2\/comments?post=20664"}],"version-history":[{"count":5,"href":"https:\/\/www.siradel.com\/fr\/wp-json\/wp\/v2\/posts\/20664\/revisions"}],"predecessor-version":[{"id":28313,"href":"https:\/\/www.siradel.com\/fr\/wp-json\/wp\/v2\/posts\/20664\/revisions\/28313"}],"wp:featuredmedia":[{"embeddable":true,"href":"https:\/\/www.siradel.com\/fr\/wp-json\/wp\/v2\/media\/23047"}],"wp:attachment":[{"href":"https:\/\/www.siradel.com\/fr\/wp-json\/wp\/v2\/media?parent=20664"}],"wp:term":[{"taxonomy":"category","embeddable":true,"href":"https:\/\/www.siradel.com\/fr\/wp-json\/wp\/v2\/categories?post=20664"},{"taxonomy":"post_tag","embeddable":true,"href":"https:\/\/www.siradel.com\/fr\/wp-json\/wp\/v2\/tags?post=20664"}],"curies":[{"name":"wp","href":"https:\/\/api.w.org\/{rel}","templated":true}]}}